{"id":4010,"date":"2026-09-01T22:23:13","date_gmt":"2026-09-01T19:23:13","guid":{"rendered":"https:\/\/www.huittmp.com\/sivut\/?p=4010"},"modified":"2026-09-01T22:53:29","modified_gmt":"2026-09-01T19:53:29","slug":"ylimaarainen-vuosikokous-la-12-9-2026","status":"publish","type":"post","link":"https:\/\/www.huittmp.com\/sivut\/2026\/09\/01\/ylimaarainen-vuosikokous-la-12-9-2026\/","title":{"rendered":"Ylim\u00e4\u00e4r\u00e4inen vuosikokous la 12.9.2026"},"content":{"rendered":"<p>Katso lis\u00e4\u00e4 kerhokirjeest\u00e4. T\u00e4m\u00e4 artikkeli p\u00e4ivittyy.<\/p>\n<p><img loading=\"lazy\" decoding=\"async\" class=\"aligncenter size-full wp-image-2695\" src=\"https:\/\/www.huittmp.com\/sivut\/wp-content\/uploads\/2018\/03\/huittmp-fb-image.jpg\" alt=\"\" width=\"400\" height=\"400\" srcset=\"https:\/\/www.huittmp.com\/sivut\/wp-content\/uploads\/2018\/03\/huittmp-fb-image.jpg 400w, https:\/\/www.huittmp.com\/sivut\/wp-content\/uploads\/2018\/03\/huittmp-fb-image-150x150.jpg 150w, https:\/\/www.huittmp.com\/sivut\/wp-content\/uploads\/2018\/03\/huittmp-fb-image-300x300.jpg 300w\" sizes=\"(max-width: 400px) 100vw, 400px\" \/><\/p>\n","protected":false},"excerpt":{"rendered":"<p>Katso lis\u00e4\u00e4 kerhokirjeest\u00e4. T\u00e4m\u00e4 artikkeli p\u00e4ivittyy.<\/p>\n","protected":false},"author":1,"featured_media":0,"comment_status":"closed","ping_status":"closed","sticky":false,"template":"","format":"standard","meta":{"footnotes":""},"categories":[1],"tags":[],"yoast_head":"<!-- This site is optimized with the Yoast SEO plugin v21.9.1 - https:\/\/yoast.com\/wordpress\/plugins\/seo\/ -->\n<title>Ylim\u00e4\u00e4r\u00e4inen vuosikokous la 12.9.2026 - HUITTISTEN MOOTTORIPY\u00d6R\u00c4ILIJ\u00c4T RY.<\/title>\n<meta name=\"robots\" content=\"index, follow, max-snippet:-1, max-image-preview:large, max-video-preview:-1\" \/>\n<link rel=\"canonical\" href=\"https:\/\/www.huittmp.com\/sivut\/2026\/09\/01\/ylimaarainen-vuosikokous-la-12-9-2026\/\" \/>\n<meta property=\"og:locale\" content=\"fi_FI\" \/>\n<meta property=\"og:type\" content=\"article\" \/>\n<meta property=\"og:title\" content=\"Ylim\u00e4\u00e4r\u00e4inen vuosikokous la 12.9.2026 - HUITTISTEN MOOTTORIPY\u00d6R\u00c4ILIJ\u00c4T RY.\" \/>\n<meta property=\"og:description\" content=\"Katso lis\u00e4\u00e4 kerhokirjeest\u00e4. T\u00e4m\u00e4 artikkeli p\u00e4ivittyy.\" \/>\n<meta property=\"og:url\" content=\"https:\/\/www.huittmp.com\/sivut\/2026\/09\/01\/ylimaarainen-vuosikokous-la-12-9-2026\/\" \/>\n<meta property=\"og:site_name\" content=\"HUITTISTEN MOOTTORIPY\u00d6R\u00c4ILIJ\u00c4T RY.\" \/>\n<meta property=\"article:published_time\" content=\"2026-09-01T19:23:13+00:00\" \/>\n<meta property=\"article:modified_time\" content=\"2026-09-01T19:53:29+00:00\" \/>\n<meta property=\"og:image\" content=\"https:\/\/www.huittmp.com\/sivut\/wp-content\/uploads\/2018\/03\/huittmp-fb-image.jpg\" \/>\n<meta name=\"author\" content=\"mika\" \/>\n<meta name=\"twitter:card\" content=\"summary_large_image\" \/>\n<meta name=\"twitter:label1\" content=\"Kirjoittanut\" \/>\n\t<meta name=\"twitter:data1\" content=\"mika\" \/>\n\t<meta name=\"twitter:label2\" content=\"Arvioitu lukuaika\" \/>\n\t<meta name=\"twitter:data2\" content=\"1 minuutti\" \/>\n<script type=\"application\/ld+json\" class=\"yoast-schema-graph\">{\"@context\":\"https:\/\/schema.org\",\"@graph\":[{\"@type\":\"WebPage\",\"@id\":\"https:\/\/www.huittmp.com\/sivut\/2026\/09\/01\/ylimaarainen-vuosikokous-la-12-9-2026\/\",\"url\":\"https:\/\/www.huittmp.com\/sivut\/2026\/09\/01\/ylimaarainen-vuosikokous-la-12-9-2026\/\",\"name\":\"Ylim\u00e4\u00e4r\u00e4inen vuosikokous la 12.9.2026 - HUITTISTEN MOOTTORIPY\u00d6R\u00c4ILIJ\u00c4T RY.\",\"isPartOf\":{\"@id\":\"https:\/\/www.huittmp.com\/sivut\/#website\"},\"datePublished\":\"2026-09-01T19:23:13+00:00\",\"dateModified\":\"2026-09-01T19:53:29+00:00\",\"author\":{\"@id\":\"https:\/\/www.huittmp.com\/sivut\/#\/schema\/person\/e37fe6cd252288d10d96f9d848f0d116\"},\"breadcrumb\":{\"@id\":\"https:\/\/www.huittmp.com\/sivut\/2026\/09\/01\/ylimaarainen-vuosikokous-la-12-9-2026\/#breadcrumb\"},\"inLanguage\":\"fi\",\"potentialAction\":[{\"@type\":\"ReadAction\",\"target\":[\"https:\/\/www.huittmp.com\/sivut\/2026\/09\/01\/ylimaarainen-vuosikokous-la-12-9-2026\/\"]}]},{\"@type\":\"BreadcrumbList\",\"@id\":\"https:\/\/www.huittmp.com\/sivut\/2026\/09\/01\/ylimaarainen-vuosikokous-la-12-9-2026\/#breadcrumb\",\"itemListElement\":[{\"@type\":\"ListItem\",\"position\":1,\"name\":\"Home\",\"item\":\"https:\/\/www.huittmp.com\/sivut\/\"},{\"@type\":\"ListItem\",\"position\":2,\"name\":\"Ylim\u00e4\u00e4r\u00e4inen vuosikokous la 12.9.2026\"}]},{\"@type\":\"WebSite\",\"@id\":\"https:\/\/www.huittmp.com\/sivut\/#website\",\"url\":\"https:\/\/www.huittmp.com\/sivut\/\",\"name\":\"HUITTISTEN MOOTTORIPY\u00d6R\u00c4ILIJ\u00c4T RY.\",\"description\":\"Moottoripy\u00f6r\u00e4ily\u00e4 vuodesta 1979\",\"potentialAction\":[{\"@type\":\"SearchAction\",\"target\":{\"@type\":\"EntryPoint\",\"urlTemplate\":\"https:\/\/www.huittmp.com\/sivut\/?s={search_term_string}\"},\"query-input\":\"required name=search_term_string\"}],\"inLanguage\":\"fi\"},{\"@type\":\"Person\",\"@id\":\"https:\/\/www.huittmp.com\/sivut\/#\/schema\/person\/e37fe6cd252288d10d96f9d848f0d116\",\"name\":\"mika\",\"url\":\"https:\/\/www.huittmp.com\/sivut\/author\/mika\/\"}]}<\/script>\n<!-- \/ Yoast SEO plugin. -->","yoast_head_json":{"title":"Ylim\u00e4\u00e4r\u00e4inen vuosikokous la 12.9.2026 - HUITTISTEN MOOTTORIPY\u00d6R\u00c4ILIJ\u00c4T RY.","robots":{"index":"index","follow":"follow","max-snippet":"max-snippet:-1","max-image-preview":"max-image-preview:large","max-video-preview":"max-video-preview:-1"},"canonical":"https:\/\/www.huittmp.com\/sivut\/2026\/09\/01\/ylimaarainen-vuosikokous-la-12-9-2026\/","og_locale":"fi_FI","og_type":"article","og_title":"Ylim\u00e4\u00e4r\u00e4inen vuosikokous la 12.9.2026 - HUITTISTEN MOOTTORIPY\u00d6R\u00c4ILIJ\u00c4T RY.","og_description":"Katso lis\u00e4\u00e4 kerhokirjeest\u00e4. T\u00e4m\u00e4 artikkeli p\u00e4ivittyy.","og_url":"https:\/\/www.huittmp.com\/sivut\/2026\/09\/01\/ylimaarainen-vuosikokous-la-12-9-2026\/","og_site_name":"HUITTISTEN MOOTTORIPY\u00d6R\u00c4ILIJ\u00c4T RY.","article_published_time":"2026-09-01T19:23:13+00:00","article_modified_time":"2026-09-01T19:53:29+00:00","og_image":[{"url":"https:\/\/www.huittmp.com\/sivut\/wp-content\/uploads\/2018\/03\/huittmp-fb-image.jpg"}],"author":"mika","twitter_card":"summary_large_image","twitter_misc":{"Kirjoittanut":"mika","Arvioitu lukuaika":"1 minuutti"},"schema":{"@context":"https:\/\/schema.org","@graph":[{"@type":"WebPage","@id":"https:\/\/www.huittmp.com\/sivut\/2026\/09\/01\/ylimaarainen-vuosikokous-la-12-9-2026\/","url":"https:\/\/www.huittmp.com\/sivut\/2026\/09\/01\/ylimaarainen-vuosikokous-la-12-9-2026\/","name":"Ylim\u00e4\u00e4r\u00e4inen vuosikokous la 12.9.2026 - HUITTISTEN MOOTTORIPY\u00d6R\u00c4ILIJ\u00c4T RY.","isPartOf":{"@id":"https:\/\/www.huittmp.com\/sivut\/#website"},"datePublished":"2026-09-01T19:23:13+00:00","dateModified":"2026-09-01T19:53:29+00:00","author":{"@id":"https:\/\/www.huittmp.com\/sivut\/#\/schema\/person\/e37fe6cd252288d10d96f9d848f0d116"},"breadcrumb":{"@id":"https:\/\/www.huittmp.com\/sivut\/2026\/09\/01\/ylimaarainen-vuosikokous-la-12-9-2026\/#breadcrumb"},"inLanguage":"fi","potentialAction":[{"@type":"ReadAction","target":["https:\/\/www.huittmp.com\/sivut\/2026\/09\/01\/ylimaarainen-vuosikokous-la-12-9-2026\/"]}]},{"@type":"BreadcrumbList","@id":"https:\/\/www.huittmp.com\/sivut\/2026\/09\/01\/ylimaarainen-vuosikokous-la-12-9-2026\/#breadcrumb","itemListElement":[{"@type":"ListItem","position":1,"name":"Home","item":"https:\/\/www.huittmp.com\/sivut\/"},{"@type":"ListItem","position":2,"name":"Ylim\u00e4\u00e4r\u00e4inen vuosikokous la 12.9.2026"}]},{"@type":"WebSite","@id":"https:\/\/www.huittmp.com\/sivut\/#website","url":"https:\/\/www.huittmp.com\/sivut\/","name":"HUITTISTEN MOOTTORIPY\u00d6R\u00c4ILIJ\u00c4T RY.","description":"Moottoripy\u00f6r\u00e4ily\u00e4 vuodesta 1979","potentialAction":[{"@type":"SearchAction","target":{"@type":"EntryPoint","urlTemplate":"https:\/\/www.huittmp.com\/sivut\/?s={search_term_string}"},"query-input":"required name=search_term_string"}],"inLanguage":"fi"},{"@type":"Person","@id":"https:\/\/www.huittmp.com\/sivut\/#\/schema\/person\/e37fe6cd252288d10d96f9d848f0d116","name":"mika","url":"https:\/\/www.huittmp.com\/sivut\/author\/mika\/"}]}},"_links":{"self":[{"href":"https:\/\/www.huittmp.com\/sivut\/wp-json\/wp\/v2\/posts\/4010"}],"collection":[{"href":"https:\/\/www.huittmp.com\/sivut\/wp-json\/wp\/v2\/posts"}],"about":[{"href":"https:\/\/www.huittmp.com\/sivut\/wp-json\/wp\/v2\/types\/post"}],"author":[{"embeddable":true,"href":"https:\/\/www.huittmp.com\/sivut\/wp-json\/wp\/v2\/users\/1"}],"replies":[{"embeddable":true,"href":"https:\/\/www.huittmp.com\/sivut\/wp-json\/wp\/v2\/comments?post=4010"}],"version-history":[{"count":3,"href":"https:\/\/www.huittmp.com\/sivut\/wp-json\/wp\/v2\/posts\/4010\/revisions"}],"predecessor-version":[{"id":4013,"href":"https:\/\/www.huittmp.com\/sivut\/wp-json\/wp\/v2\/posts\/4010\/revisions\/4013"}],"wp:attachment":[{"href":"https:\/\/www.huittmp.com\/sivut\/wp-json\/wp\/v2\/media?parent=4010"}],"wp:term":[{"taxonomy":"category","embeddable":true,"href":"https:\/\/www.huittmp.com\/sivut\/wp-json\/wp\/v2\/categories?post=4010"},{"taxonomy":"post_tag","embeddable":true,"href":"https:\/\/www.huittmp.com\/sivut\/wp-json\/wp\/v2\/tags?post=4010"}],"curies":[{"name":"wp","href":"https:\/\/api.w.org\/{rel}","templated":true}]}}