{"id":2699,"date":"2018-04-21T17:00:20","date_gmt":"2018-04-21T14:00:20","guid":{"rendered":"http:\/\/www.huittmp.com\/sivut\/?p=2699"},"modified":"2018-04-23T21:30:51","modified_gmt":"2018-04-23T18:30:51","slug":"ylimaarainen-vuosikokous-ja-ajokauden-avajaiset-21-4-2017","status":"publish","type":"post","link":"https:\/\/www.huittmp.com\/sivut\/2018\/04\/21\/ylimaarainen-vuosikokous-ja-ajokauden-avajaiset-21-4-2017\/","title":{"rendered":"Ylim\u00e4\u00e4r\u00e4inen vuosikokous ja ajokauden avajaiset 21.4.2017"},"content":{"rendered":"<h6>Ylim\u00e4\u00e4r\u00e4inen vuosikokous ja Ajokauden avajaiset<\/h6>\n<p>S\u00e4\u00e4nt\u00f6muutoksista johtuva ylim\u00e4\u00e4r\u00e4inen vuosikokous ja ajokauden avajaiset saivat eritt\u00e4in hyv\u00e4n osanoton.<\/p>\n<p>Jani taikoi eritt\u00e4in maukkaan lihasopan illalliseksi, sauna oli l\u00e4mmin ja virvoikkeetkin maistuivat.<\/p>\n<p>Kiitokset kaikille osallistujille!<\/p>\n<figure id=\"attachment_2867\" aria-describedby=\"caption-attachment-2867\" style=\"width: 600px\" class=\"wp-caption aligncenter\"><img loading=\"lazy\" decoding=\"async\" class=\"wp-image-2867 size-large\" src=\"http:\/\/www.huittmp.com\/sivut\/wp-content\/uploads\/2018\/04\/ajokauden_avajaiset_2018-600x450.jpg\" alt=\"\" width=\"600\" height=\"450\" srcset=\"https:\/\/www.huittmp.com\/sivut\/wp-content\/uploads\/2018\/04\/ajokauden_avajaiset_2018-600x450.jpg 600w, https:\/\/www.huittmp.com\/sivut\/wp-content\/uploads\/2018\/04\/ajokauden_avajaiset_2018-150x113.jpg 150w, https:\/\/www.huittmp.com\/sivut\/wp-content\/uploads\/2018\/04\/ajokauden_avajaiset_2018-300x225.jpg 300w, https:\/\/www.huittmp.com\/sivut\/wp-content\/uploads\/2018\/04\/ajokauden_avajaiset_2018.jpg 800w\" sizes=\"(max-width: 600px) 100vw, 600px\" \/><figcaption id=\"caption-attachment-2867\" class=\"wp-caption-text\">Ajokauden avajaiset 2018<\/figcaption><\/figure>\n","protected":false},"excerpt":{"rendered":"<p>Ylim\u00e4\u00e4r\u00e4inen vuosikokous ja Ajokauden avajaiset S\u00e4\u00e4nt\u00f6muutoksista johtuva ylim\u00e4\u00e4r\u00e4inen vuosikokous ja ajokauden avajaiset saivat eritt\u00e4in hyv\u00e4n osanoton. Jani taikoi eritt\u00e4in maukkaan lihasopan illalliseksi, sauna oli l\u00e4mmin ja virvoikkeetkin maistuivat. Kiitokset kaikille&hellip; <a class=\"read-more\" href=\"https:\/\/www.huittmp.com\/sivut\/2018\/04\/21\/ylimaarainen-vuosikokous-ja-ajokauden-avajaiset-21-4-2017\/\" title=\"Ylim\u00e4\u00e4r\u00e4inen vuosikokous ja ajokauden avajaiset 21.4.2017\"><i class=\"fa fa-arrow-right\"><\/i><\/a><\/p>\n","protected":false},"author":1,"featured_media":2690,"comment_status":"closed","ping_status":"closed","sticky":false,"template":"","format":"standard","meta":{"footnotes":""},"categories":[12,3],"tags":[],"yoast_head":"<!-- This site is optimized with the Yoast SEO plugin v21.9.1 - https:\/\/yoast.com\/wordpress\/plugins\/seo\/ -->\n<title>Ylim\u00e4\u00e4r\u00e4inen vuosikokous ja ajokauden avajaiset 21.4.2017 - HUITTISTEN MOOTTORIPY\u00d6R\u00c4ILIJ\u00c4T RY.<\/title>\n<meta name=\"robots\" content=\"index, follow, max-snippet:-1, max-image-preview:large, max-video-preview:-1\" \/>\n<link rel=\"canonical\" href=\"https:\/\/www.huittmp.com\/sivut\/2018\/04\/21\/ylimaarainen-vuosikokous-ja-ajokauden-avajaiset-21-4-2017\/\" \/>\n<meta property=\"og:locale\" content=\"fi_FI\" \/>\n<meta property=\"og:type\" content=\"article\" \/>\n<meta property=\"og:title\" content=\"Ylim\u00e4\u00e4r\u00e4inen vuosikokous ja ajokauden avajaiset 21.4.2017 - HUITTISTEN MOOTTORIPY\u00d6R\u00c4ILIJ\u00c4T RY.\" \/>\n<meta property=\"og:description\" content=\"Ylim\u00e4\u00e4r\u00e4inen vuosikokous ja Ajokauden avajaiset S\u00e4\u00e4nt\u00f6muutoksista johtuva ylim\u00e4\u00e4r\u00e4inen vuosikokous ja ajokauden avajaiset saivat eritt\u00e4in hyv\u00e4n osanoton. Jani taikoi eritt\u00e4in maukkaan lihasopan illalliseksi, sauna oli l\u00e4mmin ja virvoikkeetkin maistuivat. Kiitokset kaikille&hellip;\" \/>\n<meta property=\"og:url\" content=\"https:\/\/www.huittmp.com\/sivut\/2018\/04\/21\/ylimaarainen-vuosikokous-ja-ajokauden-avajaiset-21-4-2017\/\" \/>\n<meta property=\"og:site_name\" content=\"HUITTISTEN MOOTTORIPY\u00d6R\u00c4ILIJ\u00c4T RY.\" \/>\n<meta property=\"article:published_time\" content=\"2018-04-21T14:00:20+00:00\" \/>\n<meta property=\"article:modified_time\" content=\"2018-04-23T18:30:51+00:00\" \/>\n<meta property=\"og:image\" content=\"https:\/\/www.huittmp.com\/sivut\/wp-content\/uploads\/2018\/03\/slide4.jpg\" \/>\n\t<meta property=\"og:image:width\" content=\"850\" \/>\n\t<meta property=\"og:image:height\" content=\"300\" \/>\n\t<meta property=\"og:image:type\" content=\"image\/jpeg\" \/>\n<meta name=\"author\" content=\"mika\" \/>\n<meta name=\"twitter:card\" content=\"summary_large_image\" \/>\n<meta name=\"twitter:label1\" content=\"Kirjoittanut\" \/>\n\t<meta name=\"twitter:data1\" content=\"mika\" \/>\n<script type=\"application\/ld+json\" class=\"yoast-schema-graph\">{\"@context\":\"https:\/\/schema.org\",\"@graph\":[{\"@type\":\"WebPage\",\"@id\":\"https:\/\/www.huittmp.com\/sivut\/2018\/04\/21\/ylimaarainen-vuosikokous-ja-ajokauden-avajaiset-21-4-2017\/\",\"url\":\"https:\/\/www.huittmp.com\/sivut\/2018\/04\/21\/ylimaarainen-vuosikokous-ja-ajokauden-avajaiset-21-4-2017\/\",\"name\":\"Ylim\u00e4\u00e4r\u00e4inen vuosikokous ja ajokauden avajaiset 21.4.2017 - HUITTISTEN MOOTTORIPY\u00d6R\u00c4ILIJ\u00c4T RY.\",\"isPartOf\":{\"@id\":\"https:\/\/www.huittmp.com\/sivut\/#website\"},\"datePublished\":\"2018-04-21T14:00:20+00:00\",\"dateModified\":\"2018-04-23T18:30:51+00:00\",\"author\":{\"@id\":\"https:\/\/www.huittmp.com\/sivut\/#\/schema\/person\/e37fe6cd252288d10d96f9d848f0d116\"},\"breadcrumb\":{\"@id\":\"https:\/\/www.huittmp.com\/sivut\/2018\/04\/21\/ylimaarainen-vuosikokous-ja-ajokauden-avajaiset-21-4-2017\/#breadcrumb\"},\"inLanguage\":\"fi\",\"potentialAction\":[{\"@type\":\"ReadAction\",\"target\":[\"https:\/\/www.huittmp.com\/sivut\/2018\/04\/21\/ylimaarainen-vuosikokous-ja-ajokauden-avajaiset-21-4-2017\/\"]}]},{\"@type\":\"BreadcrumbList\",\"@id\":\"https:\/\/www.huittmp.com\/sivut\/2018\/04\/21\/ylimaarainen-vuosikokous-ja-ajokauden-avajaiset-21-4-2017\/#breadcrumb\",\"itemListElement\":[{\"@type\":\"ListItem\",\"position\":1,\"name\":\"Home\",\"item\":\"https:\/\/www.huittmp.com\/sivut\/\"},{\"@type\":\"ListItem\",\"position\":2,\"name\":\"Ylim\u00e4\u00e4r\u00e4inen vuosikokous ja ajokauden avajaiset 21.4.2017\"}]},{\"@type\":\"WebSite\",\"@id\":\"https:\/\/www.huittmp.com\/sivut\/#website\",\"url\":\"https:\/\/www.huittmp.com\/sivut\/\",\"name\":\"HUITTISTEN MOOTTORIPY\u00d6R\u00c4ILIJ\u00c4T RY.\",\"description\":\"Moottoripy\u00f6r\u00e4ily\u00e4 vuodesta 1979\",\"potentialAction\":[{\"@type\":\"SearchAction\",\"target\":{\"@type\":\"EntryPoint\",\"urlTemplate\":\"https:\/\/www.huittmp.com\/sivut\/?s={search_term_string}\"},\"query-input\":\"required name=search_term_string\"}],\"inLanguage\":\"fi\"},{\"@type\":\"Person\",\"@id\":\"https:\/\/www.huittmp.com\/sivut\/#\/schema\/person\/e37fe6cd252288d10d96f9d848f0d116\",\"name\":\"mika\",\"url\":\"https:\/\/www.huittmp.com\/sivut\/author\/mika\/\"}]}<\/script>\n<!-- \/ Yoast SEO plugin. -->","yoast_head_json":{"title":"Ylim\u00e4\u00e4r\u00e4inen vuosikokous ja ajokauden avajaiset 21.4.2017 - HUITTISTEN MOOTTORIPY\u00d6R\u00c4ILIJ\u00c4T RY.","robots":{"index":"index","follow":"follow","max-snippet":"max-snippet:-1","max-image-preview":"max-image-preview:large","max-video-preview":"max-video-preview:-1"},"canonical":"https:\/\/www.huittmp.com\/sivut\/2018\/04\/21\/ylimaarainen-vuosikokous-ja-ajokauden-avajaiset-21-4-2017\/","og_locale":"fi_FI","og_type":"article","og_title":"Ylim\u00e4\u00e4r\u00e4inen vuosikokous ja ajokauden avajaiset 21.4.2017 - HUITTISTEN MOOTTORIPY\u00d6R\u00c4ILIJ\u00c4T RY.","og_description":"Ylim\u00e4\u00e4r\u00e4inen vuosikokous ja Ajokauden avajaiset S\u00e4\u00e4nt\u00f6muutoksista johtuva ylim\u00e4\u00e4r\u00e4inen vuosikokous ja ajokauden avajaiset saivat eritt\u00e4in hyv\u00e4n osanoton. Jani taikoi eritt\u00e4in maukkaan lihasopan illalliseksi, sauna oli l\u00e4mmin ja virvoikkeetkin maistuivat. Kiitokset kaikille&hellip;","og_url":"https:\/\/www.huittmp.com\/sivut\/2018\/04\/21\/ylimaarainen-vuosikokous-ja-ajokauden-avajaiset-21-4-2017\/","og_site_name":"HUITTISTEN MOOTTORIPY\u00d6R\u00c4ILIJ\u00c4T RY.","article_published_time":"2018-04-21T14:00:20+00:00","article_modified_time":"2018-04-23T18:30:51+00:00","og_image":[{"width":850,"height":300,"url":"https:\/\/www.huittmp.com\/sivut\/wp-content\/uploads\/2018\/03\/slide4.jpg","type":"image\/jpeg"}],"author":"mika","twitter_card":"summary_large_image","twitter_misc":{"Kirjoittanut":"mika"},"schema":{"@context":"https:\/\/schema.org","@graph":[{"@type":"WebPage","@id":"https:\/\/www.huittmp.com\/sivut\/2018\/04\/21\/ylimaarainen-vuosikokous-ja-ajokauden-avajaiset-21-4-2017\/","url":"https:\/\/www.huittmp.com\/sivut\/2018\/04\/21\/ylimaarainen-vuosikokous-ja-ajokauden-avajaiset-21-4-2017\/","name":"Ylim\u00e4\u00e4r\u00e4inen vuosikokous ja ajokauden avajaiset 21.4.2017 - HUITTISTEN MOOTTORIPY\u00d6R\u00c4ILIJ\u00c4T RY.","isPartOf":{"@id":"https:\/\/www.huittmp.com\/sivut\/#website"},"datePublished":"2018-04-21T14:00:20+00:00","dateModified":"2018-04-23T18:30:51+00:00","author":{"@id":"https:\/\/www.huittmp.com\/sivut\/#\/schema\/person\/e37fe6cd252288d10d96f9d848f0d116"},"breadcrumb":{"@id":"https:\/\/www.huittmp.com\/sivut\/2018\/04\/21\/ylimaarainen-vuosikokous-ja-ajokauden-avajaiset-21-4-2017\/#breadcrumb"},"inLanguage":"fi","potentialAction":[{"@type":"ReadAction","target":["https:\/\/www.huittmp.com\/sivut\/2018\/04\/21\/ylimaarainen-vuosikokous-ja-ajokauden-avajaiset-21-4-2017\/"]}]},{"@type":"BreadcrumbList","@id":"https:\/\/www.huittmp.com\/sivut\/2018\/04\/21\/ylimaarainen-vuosikokous-ja-ajokauden-avajaiset-21-4-2017\/#breadcrumb","itemListElement":[{"@type":"ListItem","position":1,"name":"Home","item":"https:\/\/www.huittmp.com\/sivut\/"},{"@type":"ListItem","position":2,"name":"Ylim\u00e4\u00e4r\u00e4inen vuosikokous ja ajokauden avajaiset 21.4.2017"}]},{"@type":"WebSite","@id":"https:\/\/www.huittmp.com\/sivut\/#website","url":"https:\/\/www.huittmp.com\/sivut\/","name":"HUITTISTEN MOOTTORIPY\u00d6R\u00c4ILIJ\u00c4T RY.","description":"Moottoripy\u00f6r\u00e4ily\u00e4 vuodesta 1979","potentialAction":[{"@type":"SearchAction","target":{"@type":"EntryPoint","urlTemplate":"https:\/\/www.huittmp.com\/sivut\/?s={search_term_string}"},"query-input":"required name=search_term_string"}],"inLanguage":"fi"},{"@type":"Person","@id":"https:\/\/www.huittmp.com\/sivut\/#\/schema\/person\/e37fe6cd252288d10d96f9d848f0d116","name":"mika","url":"https:\/\/www.huittmp.com\/sivut\/author\/mika\/"}]}},"_links":{"self":[{"href":"https:\/\/www.huittmp.com\/sivut\/wp-json\/wp\/v2\/posts\/2699"}],"collection":[{"href":"https:\/\/www.huittmp.com\/sivut\/wp-json\/wp\/v2\/posts"}],"about":[{"href":"https:\/\/www.huittmp.com\/sivut\/wp-json\/wp\/v2\/types\/post"}],"author":[{"embeddable":true,"href":"https:\/\/www.huittmp.com\/sivut\/wp-json\/wp\/v2\/users\/1"}],"replies":[{"embeddable":true,"href":"https:\/\/www.huittmp.com\/sivut\/wp-json\/wp\/v2\/comments?post=2699"}],"version-history":[{"count":8,"href":"https:\/\/www.huittmp.com\/sivut\/wp-json\/wp\/v2\/posts\/2699\/revisions"}],"predecessor-version":[{"id":2868,"href":"https:\/\/www.huittmp.com\/sivut\/wp-json\/wp\/v2\/posts\/2699\/revisions\/2868"}],"wp:featuredmedia":[{"embeddable":true,"href":"https:\/\/www.huittmp.com\/sivut\/wp-json\/wp\/v2\/media\/2690"}],"wp:attachment":[{"href":"https:\/\/www.huittmp.com\/sivut\/wp-json\/wp\/v2\/media?parent=2699"}],"wp:term":[{"taxonomy":"category","embeddable":true,"href":"https:\/\/www.huittmp.com\/sivut\/wp-json\/wp\/v2\/categories?post=2699"},{"taxonomy":"post_tag","embeddable":true,"href":"https:\/\/www.huittmp.com\/sivut\/wp-json\/wp\/v2\/tags?post=2699"}],"curies":[{"name":"wp","href":"https:\/\/api.w.org\/{rel}","templated":true}]}}